{"id":324,"date":"2019-05-16T11:33:37","date_gmt":"2019-05-16T11:33:37","guid":{"rendered":"http:\/\/farmaciaybienestar.es\/blog\/?p=324"},"modified":"2024-11-13T17:44:02","modified_gmt":"2024-11-13T17:44:02","slug":"cremas-anticeluliticas","status":"publish","type":"post","link":"https:\/\/farmaciaybienestar.es\/blog\/2019\/05\/16\/cremas-anticeluliticas\/","title":{"rendered":"CREMAS ANTICELULITICAS"},"content":{"rendered":"<p>La celulitis consiste en la acumulaci\u00f3n de n\u00f3dulos adiposos (grasa) en el tejido subcut\u00e1neo de algunas zonas del cuerpo, principalmente, abdomen, gl\u00fateos, caderas o muslos.<\/p>\n<p><strong>\u00bfQu\u00e9 causa la celulitis?<\/strong><\/p>\n<ul>\n<li>La edad sobretodo afecta a la piel y al col\u00e1geno.<\/li>\n<li>Gen\u00e9tica o predisposici\u00f3n si los padres la padecen.<\/li>\n<li>Sedentarismo: hay que practicar deporte para favorecer el riego sangu\u00edneo y la eliminaci\u00f3n de toxinas.<\/li>\n<li>El estr\u00f3geno estimula la retenci\u00f3n de l\u00edquidos en los tejidos, y en consecuencia , se entorpece la circulaci\u00f3n de la sangre, mientras que la progesterona es la que predispone a la acumulaci\u00f3n de grasas.<\/li>\n<\/ul>\n<p>&nbsp;<\/p>\n<p><strong>Principales activos de una crema anticelul\u00edtica.<\/strong><\/p>\n<p><strong>Para la circulaci\u00f3n: <\/strong>El \u00a0Casta\u00f1o de indias activa y mejora la circulaci\u00f3n sangu\u00ednea.<\/p>\n<p><strong>Para las grasas: <\/strong>A\u00a0 la Cafe\u00edna se le atribuye una acci\u00f3n lipol\u00edtica, es decir rotura\u00a0 de los adipocitos y liberaci\u00f3n de los \u00e1cidos grasos. Sin embargo, tan importante como la concentraci\u00f3n es el veh\u00edculo que transporta la cafe\u00edna al interior.<\/p>\n<p><strong>Para la firmeza:\u00a0 <\/strong>Adem\u00e1s de mejorar la circulaci\u00f3n, drenar y eliminar las grasas , muchos anticelul\u00edticos incluyen en su composici\u00f3n activos reafirmantes, factores de crecimiento epitelial, que aportan hidrataci\u00f3n, densidad\u00a0 y\u00a0 tonicidad a la piel, favoreciendo la formacion de colageno, elatina y acido hialuronico.<strong>\u00a0 <\/strong><\/p>\n<p>El tabaco provoca la acumulaci\u00f3n de toxinas y radicales libres que destruyen las fibras de col\u00e1geno, contribuyendo al mal aspecto exterior de la piel<strong>.<\/strong><\/p>\n<p>&nbsp;<\/p>\n<p>Es aconsejable:<\/p>\n<ul>\n<li>Llevar una dieta equilibrada en frutas y verduras.<\/li>\n<li>Beber 2 litros de agua al d\u00eda.<\/li>\n<li>Aplicar cremas anticelul\u00edticas con un buen masaje para facilitar su absorci\u00f3n.<\/li>\n<\/ul>\n<p>&nbsp;<\/p>\n<p><strong>Desde Farmacia\u00a0 y Bienestar<\/strong> te ofrecemos el <a href=\"https:\/\/farmaciaybienestar.es\/meso-reductor-farma-dorsch?search_query=Meso-Reductor+++Peel+Farma+dorsch&amp;results=1\"><strong>MESO-REDUCTOR<\/strong><\/a> de <a href=\"https:\/\/farmaciaybienestar.es\/buscar?controller=search&amp;orderby=position&amp;orderway=desc&amp;search_query=farma+dorsch+&amp;submit_search=\">Farma Dorsch<\/a> que es una crema anticelul\u00edtica y exfoliante con microesferas 100 % biodegradables que permiten realizar un masaje en profundidad sobre la zona a tratar, la exfoliaci\u00f3n potencia la penetraci\u00f3n de los activos seleccionados y activa la circulaci\u00f3n linf\u00e1tica, facilitando asi la eliminaci\u00f3n de toxinas.<img loading=\"lazy\" decoding=\"async\" class=\"size-medium wp-image-326 aligncenter\" src=\"http:\/\/farmaciaybienestar.es\/blog\/wp-content\/uploads\/2019\/05\/mesoreductorf-291x300.jpg\" alt=\"\" width=\"291\" height=\"300\" srcset=\"https:\/\/farmaciaybienestar.es\/blog\/wp-content\/uploads\/2019\/05\/mesoreductorf-291x300.jpg 291w, https:\/\/farmaciaybienestar.es\/blog\/wp-content\/uploads\/2019\/05\/mesoreductorf.jpg 405w\" sizes=\"auto, (max-width: 291px) 100vw, 291px\" \/><\/p>\n<p>Despu\u00e9s de su aplicaci\u00f3n podemos vestirnos sin problema, ya que las microesferas se desprenden solas.<\/p>\n<p>Tambien podemos desde F yB \u00a0ofrecerte la crema <a href=\"https:\/\/farmaciaybienestar.es\/crema-corporal-ultra-reafirmante-farma-dorsch\"><strong>REAFIRMANTE CORPORAL<\/strong><\/a>\u00a0 de Farma Dorsch,\u00a0 que puedes utlizar simultaneamente con la mesoreductora, el orden ser\u00eda primero la mesoreductora y una vez seca la reafirmante. Aunque lo ideal seria la reafirmante por la ma\u00f1ana y la mesoreductora por la noche.<\/p>\n<p>&nbsp;<\/p>\n<p>\u00a1\u00a1Este a\u00f1o di adi\u00f3s a la celulitis!!<\/p>\n","protected":false},"excerpt":{"rendered":"<p>La celulitis consiste en la acumulaci\u00f3n de n\u00f3dulos adiposos (grasa) en el tejido subcut\u00e1neo de algunas zonas del cuerpo, principalmente, abdomen, gl\u00fateos, caderas o muslos. \u00bfQu\u00e9 causa la celulitis? La edad sobretodo afecta a la piel y al col\u00e1geno. Gen\u00e9tica o predisposici\u00f3n si los padres la padecen. Sedentarismo: hay que practicar deporte para favorecer el &hellip; <a href=\"https:\/\/farmaciaybienestar.es\/blog\/2019\/05\/16\/cremas-anticeluliticas\/\" class=\"more-link\">Sigue leyendo <span class=\"screen-reader-text\">CREMAS ANTICELULITICAS<\/span><\/a><\/p>\n","protected":false},"author":1,"featured_media":325,"comment_status":"closed","ping_status":"open","sticky":false,"template":"","format":"standard","meta":{"footnotes":""},"categories":[1],"tags":[82,79,180,8,72,15,181,4],"class_list":["post-324","post","type-post","status-publish","format-standard","has-post-thumbnail","hentry","category-sin-categoria","tag-anticeluliticos","tag-celulitis","tag-cremas-anticeluliticas","tag-dermocosmetica","tag-farma-dorsch","tag-farmacia-y-bienestar","tag-piel-naranja","tag-preparar-la-piel"],"yoast_head":"<!-- This site is optimized with the Yoast SEO plugin v23.8 - https:\/\/yoast.com\/wordpress\/plugins\/seo\/ -->\n<title>CREMAS ANTICELULITICAS - Blog Farmacia y Bienestar<\/title>\n<meta name=\"description\" content=\"%\" \/>\n<meta name=\"robots\" content=\"index, follow, max-snippet:-1, max-image-preview:large, max-video-preview:-1\" \/>\n<link rel=\"canonical\" href=\"https:\/\/farmaciaybienestar.es\/blog\/2019\/05\/16\/cremas-anticeluliticas\/\" \/>\n<meta property=\"og:locale\" content=\"es_ES\" \/>\n<meta property=\"og:type\" content=\"article\" \/>\n<meta property=\"og:title\" content=\"CREMAS ANTICELULITICAS - Blog Farmacia y Bienestar\" \/>\n<meta property=\"og:description\" content=\"%\" \/>\n<meta property=\"og:url\" content=\"https:\/\/farmaciaybienestar.es\/blog\/2019\/05\/16\/cremas-anticeluliticas\/\" \/>\n<meta property=\"og:site_name\" content=\"Blog Farmacia y Bienestar\" \/>\n<meta property=\"article:publisher\" content=\"https:\/\/www.facebook.com\/pages\/Farmacia-y-Bienestar\/228259130602801\" \/>\n<meta property=\"article:published_time\" content=\"2019-05-16T11:33:37+00:00\" \/>\n<meta property=\"article:modified_time\" content=\"2024-11-13T17:44:02+00:00\" \/>\n<meta property=\"og:image\" content=\"https:\/\/farmaciaybienestar.es\/blog\/wp-content\/uploads\/2019\/05\/Zonas-celulitis.jpg\" \/>\n\t<meta property=\"og:image:width\" content=\"1330\" \/>\n\t<meta property=\"og:image:height\" content=\"750\" \/>\n\t<meta property=\"og:image:type\" content=\"image\/jpeg\" \/>\n<meta name=\"author\" content=\"Farmacia\" \/>\n<meta name=\"twitter:card\" content=\"summary_large_image\" \/>\n<meta name=\"twitter:label1\" content=\"Escrito por\" \/>\n\t<meta name=\"twitter:data1\" content=\"Farmacia\" \/>\n\t<meta name=\"twitter:label2\" content=\"Tiempo de lectura\" \/>\n\t<meta name=\"twitter:data2\" content=\"2 minutos\" \/>\n<script type=\"application\/ld+json\" class=\"yoast-schema-graph\">{\"@context\":\"https:\/\/schema.org\",\"@graph\":[{\"@type\":[\"Article\",\"BlogPosting\"],\"@id\":\"https:\/\/farmaciaybienestar.es\/blog\/2019\/05\/16\/cremas-anticeluliticas\/#article\",\"isPartOf\":{\"@id\":\"https:\/\/farmaciaybienestar.es\/blog\/2019\/05\/16\/cremas-anticeluliticas\/\"},\"author\":{\"name\":\"Farmacia\",\"@id\":\"https:\/\/farmaciaybienestar.es\/blog\/#\/schema\/person\/be9157b97fe03db75434358dbf012657\"},\"headline\":\"CREMAS ANTICELULITICAS\",\"datePublished\":\"2019-05-16T11:33:37+00:00\",\"dateModified\":\"2024-11-13T17:44:02+00:00\",\"mainEntityOfPage\":{\"@id\":\"https:\/\/farmaciaybienestar.es\/blog\/2019\/05\/16\/cremas-anticeluliticas\/\"},\"wordCount\":424,\"publisher\":{\"@id\":\"https:\/\/farmaciaybienestar.es\/blog\/#organization\"},\"image\":{\"@id\":\"https:\/\/farmaciaybienestar.es\/blog\/2019\/05\/16\/cremas-anticeluliticas\/#primaryimage\"},\"thumbnailUrl\":\"https:\/\/farmaciaybienestar.es\/blog\/wp-content\/uploads\/2019\/05\/Zonas-celulitis.jpg\",\"keywords\":[\"anticeluliticos\",\"celulitis\",\"cremas anticeluliticas\",\"dermocosmetica\",\"farma dorsch\",\"Farmacia y Bienestar\",\"piel naranja\",\"preparar la piel\"],\"inLanguage\":\"es\"},{\"@type\":[\"WebPage\",\"ItemPage\"],\"@id\":\"https:\/\/farmaciaybienestar.es\/blog\/2019\/05\/16\/cremas-anticeluliticas\/\",\"url\":\"https:\/\/farmaciaybienestar.es\/blog\/2019\/05\/16\/cremas-anticeluliticas\/\",\"name\":\"CREMAS ANTICELULITICAS - Blog Farmacia y Bienestar\",\"isPartOf\":{\"@id\":\"https:\/\/farmaciaybienestar.es\/blog\/#website\"},\"primaryImageOfPage\":{\"@id\":\"https:\/\/farmaciaybienestar.es\/blog\/2019\/05\/16\/cremas-anticeluliticas\/#primaryimage\"},\"image\":{\"@id\":\"https:\/\/farmaciaybienestar.es\/blog\/2019\/05\/16\/cremas-anticeluliticas\/#primaryimage\"},\"thumbnailUrl\":\"https:\/\/farmaciaybienestar.es\/blog\/wp-content\/uploads\/2019\/05\/Zonas-celulitis.jpg\",\"datePublished\":\"2019-05-16T11:33:37+00:00\",\"dateModified\":\"2024-11-13T17:44:02+00:00\",\"description\":\"%\",\"breadcrumb\":{\"@id\":\"https:\/\/farmaciaybienestar.es\/blog\/2019\/05\/16\/cremas-anticeluliticas\/#breadcrumb\"},\"inLanguage\":\"es\",\"potentialAction\":[{\"@type\":\"ReadAction\",\"target\":[\"https:\/\/farmaciaybienestar.es\/blog\/2019\/05\/16\/cremas-anticeluliticas\/\"]}]},{\"@type\":\"ImageObject\",\"inLanguage\":\"es\",\"@id\":\"https:\/\/farmaciaybienestar.es\/blog\/2019\/05\/16\/cremas-anticeluliticas\/#primaryimage\",\"url\":\"https:\/\/farmaciaybienestar.es\/blog\/wp-content\/uploads\/2019\/05\/Zonas-celulitis.jpg\",\"contentUrl\":\"https:\/\/farmaciaybienestar.es\/blog\/wp-content\/uploads\/2019\/05\/Zonas-celulitis.jpg\",\"width\":1330,\"height\":750},{\"@type\":\"BreadcrumbList\",\"@id\":\"https:\/\/farmaciaybienestar.es\/blog\/2019\/05\/16\/cremas-anticeluliticas\/#breadcrumb\",\"itemListElement\":[{\"@type\":\"ListItem\",\"position\":1,\"name\":\"Portada\",\"item\":\"https:\/\/farmaciaybienestar.es\/blog\/\"},{\"@type\":\"ListItem\",\"position\":2,\"name\":\"Sin categor\u00eda\",\"item\":\"https:\/\/farmaciaybienestar.es\/blog\/category\/sin-categoria\/\"},{\"@type\":\"ListItem\",\"position\":3,\"name\":\"CREMAS ANTICELULITICAS\"}]},{\"@type\":\"WebSite\",\"@id\":\"https:\/\/farmaciaybienestar.es\/blog\/#website\",\"url\":\"https:\/\/farmaciaybienestar.es\/blog\/\",\"name\":\"Blog Farmacia y Bienestar\",\"description\":\"Contamos con una amplia experiencia en materia sanitaria para ofrecerte los mejores consejos y resultados que tengan que ver con tu salud, tu higiene personal y tu bienestar.\",\"publisher\":{\"@id\":\"https:\/\/farmaciaybienestar.es\/blog\/#organization\"},\"potentialAction\":[{\"@type\":\"SearchAction\",\"target\":{\"@type\":\"EntryPoint\",\"urlTemplate\":\"https:\/\/farmaciaybienestar.es\/blog\/?s={search_term_string}\"},\"query-input\":{\"@type\":\"PropertyValueSpecification\",\"valueRequired\":true,\"valueName\":\"search_term_string\"}}],\"inLanguage\":\"es\"},{\"@type\":\"Organization\",\"@id\":\"https:\/\/farmaciaybienestar.es\/blog\/#organization\",\"name\":\"Blog Farmacia y Bienestar\",\"url\":\"https:\/\/farmaciaybienestar.es\/blog\/\",\"logo\":{\"@type\":\"ImageObject\",\"inLanguage\":\"es\",\"@id\":\"https:\/\/farmaciaybienestar.es\/blog\/#\/schema\/logo\/image\/\",\"url\":\"https:\/\/farmaciaybienestar.es\/blog\/wp-content\/uploads\/2024\/11\/logo-farmacia-y-bienestar.jpg\",\"contentUrl\":\"https:\/\/farmaciaybienestar.es\/blog\/wp-content\/uploads\/2024\/11\/logo-farmacia-y-bienestar.jpg\",\"width\":400,\"height\":40,\"caption\":\"Blog Farmacia y Bienestar\"},\"image\":{\"@id\":\"https:\/\/farmaciaybienestar.es\/blog\/#\/schema\/logo\/image\/\"},\"sameAs\":[\"https:\/\/www.facebook.com\/pages\/Farmacia-y-Bienestar\/228259130602801\",\"https:\/\/www.instagram.com\/farmaciaybienestar\/\"]},{\"@type\":\"Person\",\"@id\":\"https:\/\/farmaciaybienestar.es\/blog\/#\/schema\/person\/be9157b97fe03db75434358dbf012657\",\"name\":\"Farmacia\",\"image\":{\"@type\":\"ImageObject\",\"inLanguage\":\"es\",\"@id\":\"https:\/\/farmaciaybienestar.es\/blog\/#\/schema\/person\/image\/\",\"url\":\"https:\/\/secure.gravatar.com\/avatar\/d5fdc16058857fcf13343c05a3331f74?s=96&d=mm&r=g\",\"contentUrl\":\"https:\/\/secure.gravatar.com\/avatar\/d5fdc16058857fcf13343c05a3331f74?s=96&d=mm&r=g\",\"caption\":\"Farmacia\"},\"url\":\"https:\/\/farmaciaybienestar.es\/blog\/author\/farmacia\/\"}]}<\/script>\n<!-- \/ Yoast SEO plugin. -->","yoast_head_json":{"title":"CREMAS ANTICELULITICAS - Blog Farmacia y Bienestar","description":"%","robots":{"index":"index","follow":"follow","max-snippet":"max-snippet:-1","max-image-preview":"max-image-preview:large","max-video-preview":"max-video-preview:-1"},"canonical":"https:\/\/farmaciaybienestar.es\/blog\/2019\/05\/16\/cremas-anticeluliticas\/","og_locale":"es_ES","og_type":"article","og_title":"CREMAS ANTICELULITICAS - Blog Farmacia y Bienestar","og_description":"%","og_url":"https:\/\/farmaciaybienestar.es\/blog\/2019\/05\/16\/cremas-anticeluliticas\/","og_site_name":"Blog Farmacia y Bienestar","article_publisher":"https:\/\/www.facebook.com\/pages\/Farmacia-y-Bienestar\/228259130602801","article_published_time":"2019-05-16T11:33:37+00:00","article_modified_time":"2024-11-13T17:44:02+00:00","og_image":[{"width":1330,"height":750,"url":"https:\/\/farmaciaybienestar.es\/blog\/wp-content\/uploads\/2019\/05\/Zonas-celulitis.jpg","type":"image\/jpeg"}],"author":"Farmacia","twitter_card":"summary_large_image","twitter_misc":{"Escrito por":"Farmacia","Tiempo de lectura":"2 minutos"},"schema":{"@context":"https:\/\/schema.org","@graph":[{"@type":["Article","BlogPosting"],"@id":"https:\/\/farmaciaybienestar.es\/blog\/2019\/05\/16\/cremas-anticeluliticas\/#article","isPartOf":{"@id":"https:\/\/farmaciaybienestar.es\/blog\/2019\/05\/16\/cremas-anticeluliticas\/"},"author":{"name":"Farmacia","@id":"https:\/\/farmaciaybienestar.es\/blog\/#\/schema\/person\/be9157b97fe03db75434358dbf012657"},"headline":"CREMAS ANTICELULITICAS","datePublished":"2019-05-16T11:33:37+00:00","dateModified":"2024-11-13T17:44:02+00:00","mainEntityOfPage":{"@id":"https:\/\/farmaciaybienestar.es\/blog\/2019\/05\/16\/cremas-anticeluliticas\/"},"wordCount":424,"publisher":{"@id":"https:\/\/farmaciaybienestar.es\/blog\/#organization"},"image":{"@id":"https:\/\/farmaciaybienestar.es\/blog\/2019\/05\/16\/cremas-anticeluliticas\/#primaryimage"},"thumbnailUrl":"https:\/\/farmaciaybienestar.es\/blog\/wp-content\/uploads\/2019\/05\/Zonas-celulitis.jpg","keywords":["anticeluliticos","celulitis","cremas anticeluliticas","dermocosmetica","farma dorsch","Farmacia y Bienestar","piel naranja","preparar la piel"],"inLanguage":"es"},{"@type":["WebPage","ItemPage"],"@id":"https:\/\/farmaciaybienestar.es\/blog\/2019\/05\/16\/cremas-anticeluliticas\/","url":"https:\/\/farmaciaybienestar.es\/blog\/2019\/05\/16\/cremas-anticeluliticas\/","name":"CREMAS ANTICELULITICAS - Blog Farmacia y Bienestar","isPartOf":{"@id":"https:\/\/farmaciaybienestar.es\/blog\/#website"},"primaryImageOfPage":{"@id":"https:\/\/farmaciaybienestar.es\/blog\/2019\/05\/16\/cremas-anticeluliticas\/#primaryimage"},"image":{"@id":"https:\/\/farmaciaybienestar.es\/blog\/2019\/05\/16\/cremas-anticeluliticas\/#primaryimage"},"thumbnailUrl":"https:\/\/farmaciaybienestar.es\/blog\/wp-content\/uploads\/2019\/05\/Zonas-celulitis.jpg","datePublished":"2019-05-16T11:33:37+00:00","dateModified":"2024-11-13T17:44:02+00:00","description":"%","breadcrumb":{"@id":"https:\/\/farmaciaybienestar.es\/blog\/2019\/05\/16\/cremas-anticeluliticas\/#breadcrumb"},"inLanguage":"es","potentialAction":[{"@type":"ReadAction","target":["https:\/\/farmaciaybienestar.es\/blog\/2019\/05\/16\/cremas-anticeluliticas\/"]}]},{"@type":"ImageObject","inLanguage":"es","@id":"https:\/\/farmaciaybienestar.es\/blog\/2019\/05\/16\/cremas-anticeluliticas\/#primaryimage","url":"https:\/\/farmaciaybienestar.es\/blog\/wp-content\/uploads\/2019\/05\/Zonas-celulitis.jpg","contentUrl":"https:\/\/farmaciaybienestar.es\/blog\/wp-content\/uploads\/2019\/05\/Zonas-celulitis.jpg","width":1330,"height":750},{"@type":"BreadcrumbList","@id":"https:\/\/farmaciaybienestar.es\/blog\/2019\/05\/16\/cremas-anticeluliticas\/#breadcrumb","itemListElement":[{"@type":"ListItem","position":1,"name":"Portada","item":"https:\/\/farmaciaybienestar.es\/blog\/"},{"@type":"ListItem","position":2,"name":"Sin categor\u00eda","item":"https:\/\/farmaciaybienestar.es\/blog\/category\/sin-categoria\/"},{"@type":"ListItem","position":3,"name":"CREMAS ANTICELULITICAS"}]},{"@type":"WebSite","@id":"https:\/\/farmaciaybienestar.es\/blog\/#website","url":"https:\/\/farmaciaybienestar.es\/blog\/","name":"Blog Farmacia y Bienestar","description":"Contamos con una amplia experiencia en materia sanitaria para ofrecerte los mejores consejos y resultados que tengan que ver con tu salud, tu higiene personal y tu bienestar.","publisher":{"@id":"https:\/\/farmaciaybienestar.es\/blog\/#organization"},"potentialAction":[{"@type":"SearchAction","target":{"@type":"EntryPoint","urlTemplate":"https:\/\/farmaciaybienestar.es\/blog\/?s={search_term_string}"},"query-input":{"@type":"PropertyValueSpecification","valueRequired":true,"valueName":"search_term_string"}}],"inLanguage":"es"},{"@type":"Organization","@id":"https:\/\/farmaciaybienestar.es\/blog\/#organization","name":"Blog Farmacia y Bienestar","url":"https:\/\/farmaciaybienestar.es\/blog\/","logo":{"@type":"ImageObject","inLanguage":"es","@id":"https:\/\/farmaciaybienestar.es\/blog\/#\/schema\/logo\/image\/","url":"https:\/\/farmaciaybienestar.es\/blog\/wp-content\/uploads\/2024\/11\/logo-farmacia-y-bienestar.jpg","contentUrl":"https:\/\/farmaciaybienestar.es\/blog\/wp-content\/uploads\/2024\/11\/logo-farmacia-y-bienestar.jpg","width":400,"height":40,"caption":"Blog Farmacia y Bienestar"},"image":{"@id":"https:\/\/farmaciaybienestar.es\/blog\/#\/schema\/logo\/image\/"},"sameAs":["https:\/\/www.facebook.com\/pages\/Farmacia-y-Bienestar\/228259130602801","https:\/\/www.instagram.com\/farmaciaybienestar\/"]},{"@type":"Person","@id":"https:\/\/farmaciaybienestar.es\/blog\/#\/schema\/person\/be9157b97fe03db75434358dbf012657","name":"Farmacia","image":{"@type":"ImageObject","inLanguage":"es","@id":"https:\/\/farmaciaybienestar.es\/blog\/#\/schema\/person\/image\/","url":"https:\/\/secure.gravatar.com\/avatar\/d5fdc16058857fcf13343c05a3331f74?s=96&d=mm&r=g","contentUrl":"https:\/\/secure.gravatar.com\/avatar\/d5fdc16058857fcf13343c05a3331f74?s=96&d=mm&r=g","caption":"Farmacia"},"url":"https:\/\/farmaciaybienestar.es\/blog\/author\/farmacia\/"}]}},"_links":{"self":[{"href":"https:\/\/farmaciaybienestar.es\/blog\/wp-json\/wp\/v2\/posts\/324","targetHints":{"allow":["GET"]}}],"collection":[{"href":"https:\/\/farmaciaybienestar.es\/blog\/wp-json\/wp\/v2\/posts"}],"about":[{"href":"https:\/\/farmaciaybienestar.es\/blog\/wp-json\/wp\/v2\/types\/post"}],"author":[{"embeddable":true,"href":"https:\/\/farmaciaybienestar.es\/blog\/wp-json\/wp\/v2\/users\/1"}],"replies":[{"embeddable":true,"href":"https:\/\/farmaciaybienestar.es\/blog\/wp-json\/wp\/v2\/comments?post=324"}],"version-history":[{"count":1,"href":"https:\/\/farmaciaybienestar.es\/blog\/wp-json\/wp\/v2\/posts\/324\/revisions"}],"predecessor-version":[{"id":327,"href":"https:\/\/farmaciaybienestar.es\/blog\/wp-json\/wp\/v2\/posts\/324\/revisions\/327"}],"wp:featuredmedia":[{"embeddable":true,"href":"https:\/\/farmaciaybienestar.es\/blog\/wp-json\/wp\/v2\/media\/325"}],"wp:attachment":[{"href":"https:\/\/farmaciaybienestar.es\/blog\/wp-json\/wp\/v2\/media?parent=324"}],"wp:term":[{"taxonomy":"category","embeddable":true,"href":"https:\/\/farmaciaybienestar.es\/blog\/wp-json\/wp\/v2\/categories?post=324"},{"taxonomy":"post_tag","embeddable":true,"href":"https:\/\/farmaciaybienestar.es\/blog\/wp-json\/wp\/v2\/tags?post=324"}],"curies":[{"name":"wp","href":"https:\/\/api.w.org\/{rel}","templated":true}]}}