{"id":319,"date":"2019-04-23T09:08:29","date_gmt":"2019-04-23T09:08:29","guid":{"rendered":"http:\/\/farmaciaybienestar.es\/blog\/?p=319"},"modified":"2024-11-13T17:44:02","modified_gmt":"2024-11-13T17:44:02","slug":"dia-de-la-madre","status":"publish","type":"post","link":"https:\/\/farmaciaybienestar.es\/blog\/2019\/04\/23\/dia-de-la-madre\/","title":{"rendered":"Regalos para el d\u00eda de la madre"},"content":{"rendered":"<p>Ya estamos a 10 d\u00edas del d\u00eda de la madre, y seguramente muchos todav\u00eda no tengamos regalo para darle en un d\u00eda tan especial para ellas. Flores, prendas de ropa\u2026suelen ser los regalos m\u00e1s habituales, y \u00bfsi este a\u00f1o nos salimos de la rutina y las regalamos salud y belleza?<\/p>\n<p>Estamos muy cerca del verano y a nuestras madres les gusta estar siempre lo mejor posible de cara a esta estaci\u00f3n. Desde <strong><a href=\"http:\/\/www.farmaciaybienestar.es\/\">Farmacia y Bienestar<\/a><\/strong> queremos ayudarlas con dos packs, uno facial y uno corporal, para preparar la piel.<\/p>\n<p>&nbsp;<\/p>\n<p><em><strong><span style=\"text-decoration: underline;\"><a href=\"http:\/\/www.farmaciaybienestar.es\/448-pack-regalo-corporal-dia-de-la-madre.html\">Pack corporal d\u00eda de la madre<\/a><\/span><\/strong><\/em><\/p>\n<p>Este verano que luzca un cuerpo con un aspecto envidiable, el pack contiene:<\/p>\n<p>&#8211; \u00a0 \u00a0 <a href=\"https:\/\/farmaciaybienestar.es\/productos-dermocosmetica-online\/comprar-dermocosmetica-online\">Peeling exfoliante cuerpo y cara<\/a>: retira c\u00e9lulas muertas, puntos negros y secreciones seb\u00e1ceas, dejando una piel nueva, joven y lisa.<\/p>\n<p>&#8211; \u00a0 \u00a0 <a href=\"https:\/\/farmaciaybienestar.es\/crema-corporal-ultra-reafirmante-farma-dorsch\">Crema ultrareafirmante corporal<\/a>: Evita la p\u00e9rdida de agua, reduce y corrige la flacidez y reafirma los tejidos ca\u00eddos y da\u00f1ados.<\/p>\n<p>&nbsp;<\/p>\n<p>&nbsp;<\/p>\n<p><a href=\"https:\/\/farmaciaybienestar.es\/pack-regalo-facial-dia-de-la-madre\"><em><strong><span style=\"text-decoration: underline;\">Pack facial d\u00eda de la madre<\/span><\/strong><\/em><\/a><\/p>\n<p>Lucir una cara bonita siempre ha sido importante para las mam\u00e1s, el pack contiene:<\/p>\n<p>&#8211; \u00a0 \u00a0 <a href=\"https:\/\/farmaciaybienestar.es\/productos-dermocosmetica-online\/comprar-dermocosmetica-online\">Peeling exfoliante cuerpo y cara<\/a>: retira c\u00e9lulas muertas, puntos negros y secreciones seb\u00e1ceas, dejando una piel nueva, joven y lisa.<\/p>\n<p>&#8211; \u00a0 \u00a0 Crema vitamin ACE Q10: Tratamiento intensivo reafirmante y antioxidante, indicado para pieles sensibles y secas.<\/p>\n<p>&nbsp;<\/p>\n<p>&nbsp;<\/p>\n<p>&nbsp;<\/p>\n<p>&nbsp;<\/p>\n<p>Este a\u00f1o salg\u00e1monos de los moldes y sorprendamos a nuestras madres con un regalo original, ellas lo merecen. \u00a1Feliz d\u00eda de la madre!<\/p>\n","protected":false},"excerpt":{"rendered":"<p>Ya estamos a 10 d\u00edas del d\u00eda de la madre, y seguramente muchos todav\u00eda no tengamos regalo para darle en un d\u00eda tan especial para ellas. Flores, prendas de ropa\u2026suelen ser los regalos m\u00e1s habituales, y \u00bfsi este a\u00f1o nos salimos de la rutina y las regalamos salud y belleza? Estamos muy cerca del verano &hellip; <a href=\"https:\/\/farmaciaybienestar.es\/blog\/2019\/04\/23\/dia-de-la-madre\/\" class=\"more-link\">Sigue leyendo <span class=\"screen-reader-text\">Regalos para el d\u00eda de la madre<\/span><\/a><\/p>\n","protected":false},"author":1,"featured_media":320,"comment_status":"closed","ping_status":"open","sticky":false,"template":"","format":"standard","meta":{"footnotes":""},"categories":[1],"tags":[179,6,177,8,175,176,72,15,4,178,115],"class_list":["post-319","post","type-post","status-publish","format-standard","has-post-thumbnail","hentry","category-sin-categoria","tag-5-de-mayo","tag-com-preparar-la-piel","tag-corporal","tag-dermocosmetica","tag-dia-de-la-madre","tag-facial","tag-farma-dorsch","tag-farmacia-y-bienestar","tag-preparar-la-piel","tag-regalos","tag-salud"],"yoast_head":"<!-- This site is optimized with the Yoast SEO plugin v23.8 - https:\/\/yoast.com\/wordpress\/plugins\/seo\/ -->\n<title>Regalos para el d\u00eda de la madre - Blog Farmacia y Bienestar<\/title>\n<meta name=\"description\" content=\"%\" \/>\n<meta name=\"robots\" content=\"index, follow, max-snippet:-1, max-image-preview:large, max-video-preview:-1\" \/>\n<link rel=\"canonical\" href=\"https:\/\/farmaciaybienestar.es\/blog\/2019\/04\/23\/dia-de-la-madre\/\" \/>\n<meta property=\"og:locale\" content=\"es_ES\" \/>\n<meta property=\"og:type\" content=\"article\" \/>\n<meta property=\"og:title\" content=\"Regalos para el d\u00eda de la madre - Blog Farmacia y Bienestar\" \/>\n<meta property=\"og:description\" content=\"%\" \/>\n<meta property=\"og:url\" content=\"https:\/\/farmaciaybienestar.es\/blog\/2019\/04\/23\/dia-de-la-madre\/\" \/>\n<meta property=\"og:site_name\" content=\"Blog Farmacia y Bienestar\" \/>\n<meta property=\"article:publisher\" content=\"https:\/\/www.facebook.com\/pages\/Farmacia-y-Bienestar\/228259130602801\" \/>\n<meta property=\"article:published_time\" content=\"2019-04-23T09:08:29+00:00\" \/>\n<meta property=\"article:modified_time\" content=\"2024-11-13T17:44:02+00:00\" \/>\n<meta property=\"og:image\" content=\"https:\/\/farmaciaybienestar.es\/blog\/wp-content\/uploads\/2019\/04\/1494591918_297244_1494833551_noticia_normal.jpg\" \/>\n\t<meta property=\"og:image:width\" content=\"980\" \/>\n\t<meta property=\"og:image:height\" content=\"654\" \/>\n\t<meta property=\"og:image:type\" content=\"image\/jpeg\" \/>\n<meta name=\"author\" content=\"Farmacia\" \/>\n<meta name=\"twitter:card\" content=\"summary_large_image\" \/>\n<meta name=\"twitter:label1\" content=\"Escrito por\" \/>\n\t<meta name=\"twitter:data1\" content=\"Farmacia\" \/>\n\t<meta name=\"twitter:label2\" content=\"Tiempo de lectura\" \/>\n\t<meta name=\"twitter:data2\" content=\"1 minuto\" \/>\n<script type=\"application\/ld+json\" class=\"yoast-schema-graph\">{\"@context\":\"https:\/\/schema.org\",\"@graph\":[{\"@type\":[\"Article\",\"BlogPosting\"],\"@id\":\"https:\/\/farmaciaybienestar.es\/blog\/2019\/04\/23\/dia-de-la-madre\/#article\",\"isPartOf\":{\"@id\":\"https:\/\/farmaciaybienestar.es\/blog\/2019\/04\/23\/dia-de-la-madre\/\"},\"author\":{\"name\":\"Farmacia\",\"@id\":\"https:\/\/farmaciaybienestar.es\/blog\/#\/schema\/person\/be9157b97fe03db75434358dbf012657\"},\"headline\":\"Regalos para el d\u00eda de la madre\",\"datePublished\":\"2019-04-23T09:08:29+00:00\",\"dateModified\":\"2024-11-13T17:44:02+00:00\",\"mainEntityOfPage\":{\"@id\":\"https:\/\/farmaciaybienestar.es\/blog\/2019\/04\/23\/dia-de-la-madre\/\"},\"wordCount\":265,\"publisher\":{\"@id\":\"https:\/\/farmaciaybienestar.es\/blog\/#organization\"},\"image\":{\"@id\":\"https:\/\/farmaciaybienestar.es\/blog\/2019\/04\/23\/dia-de-la-madre\/#primaryimage\"},\"thumbnailUrl\":\"https:\/\/farmaciaybienestar.es\/blog\/wp-content\/uploads\/2019\/04\/1494591918_297244_1494833551_noticia_normal.jpg\",\"keywords\":[\"5 de mayo\",\"com preparar la piel\",\"corporal\",\"dermocosmetica\",\"dia de la madre\",\"facial\",\"farma dorsch\",\"Farmacia y Bienestar\",\"preparar la piel\",\"regalos\",\"salud\"],\"inLanguage\":\"es\"},{\"@type\":[\"WebPage\",\"ItemPage\"],\"@id\":\"https:\/\/farmaciaybienestar.es\/blog\/2019\/04\/23\/dia-de-la-madre\/\",\"url\":\"https:\/\/farmaciaybienestar.es\/blog\/2019\/04\/23\/dia-de-la-madre\/\",\"name\":\"Regalos para el d\u00eda de la madre - Blog Farmacia y Bienestar\",\"isPartOf\":{\"@id\":\"https:\/\/farmaciaybienestar.es\/blog\/#website\"},\"primaryImageOfPage\":{\"@id\":\"https:\/\/farmaciaybienestar.es\/blog\/2019\/04\/23\/dia-de-la-madre\/#primaryimage\"},\"image\":{\"@id\":\"https:\/\/farmaciaybienestar.es\/blog\/2019\/04\/23\/dia-de-la-madre\/#primaryimage\"},\"thumbnailUrl\":\"https:\/\/farmaciaybienestar.es\/blog\/wp-content\/uploads\/2019\/04\/1494591918_297244_1494833551_noticia_normal.jpg\",\"datePublished\":\"2019-04-23T09:08:29+00:00\",\"dateModified\":\"2024-11-13T17:44:02+00:00\",\"description\":\"%\",\"breadcrumb\":{\"@id\":\"https:\/\/farmaciaybienestar.es\/blog\/2019\/04\/23\/dia-de-la-madre\/#breadcrumb\"},\"inLanguage\":\"es\",\"potentialAction\":[{\"@type\":\"ReadAction\",\"target\":[\"https:\/\/farmaciaybienestar.es\/blog\/2019\/04\/23\/dia-de-la-madre\/\"]}]},{\"@type\":\"ImageObject\",\"inLanguage\":\"es\",\"@id\":\"https:\/\/farmaciaybienestar.es\/blog\/2019\/04\/23\/dia-de-la-madre\/#primaryimage\",\"url\":\"https:\/\/farmaciaybienestar.es\/blog\/wp-content\/uploads\/2019\/04\/1494591918_297244_1494833551_noticia_normal.jpg\",\"contentUrl\":\"https:\/\/farmaciaybienestar.es\/blog\/wp-content\/uploads\/2019\/04\/1494591918_297244_1494833551_noticia_normal.jpg\",\"width\":980,\"height\":654},{\"@type\":\"BreadcrumbList\",\"@id\":\"https:\/\/farmaciaybienestar.es\/blog\/2019\/04\/23\/dia-de-la-madre\/#breadcrumb\",\"itemListElement\":[{\"@type\":\"ListItem\",\"position\":1,\"name\":\"Portada\",\"item\":\"https:\/\/farmaciaybienestar.es\/blog\/\"},{\"@type\":\"ListItem\",\"position\":2,\"name\":\"Sin categor\u00eda\",\"item\":\"https:\/\/farmaciaybienestar.es\/blog\/category\/sin-categoria\/\"},{\"@type\":\"ListItem\",\"position\":3,\"name\":\"Regalos para el d\u00eda de la madre\"}]},{\"@type\":\"WebSite\",\"@id\":\"https:\/\/farmaciaybienestar.es\/blog\/#website\",\"url\":\"https:\/\/farmaciaybienestar.es\/blog\/\",\"name\":\"Blog Farmacia y Bienestar\",\"description\":\"Contamos con una amplia experiencia en materia sanitaria para ofrecerte los mejores consejos y resultados que tengan que ver con tu salud, tu higiene personal y tu bienestar.\",\"publisher\":{\"@id\":\"https:\/\/farmaciaybienestar.es\/blog\/#organization\"},\"potentialAction\":[{\"@type\":\"SearchAction\",\"target\":{\"@type\":\"EntryPoint\",\"urlTemplate\":\"https:\/\/farmaciaybienestar.es\/blog\/?s={search_term_string}\"},\"query-input\":{\"@type\":\"PropertyValueSpecification\",\"valueRequired\":true,\"valueName\":\"search_term_string\"}}],\"inLanguage\":\"es\"},{\"@type\":\"Organization\",\"@id\":\"https:\/\/farmaciaybienestar.es\/blog\/#organization\",\"name\":\"Blog Farmacia y Bienestar\",\"url\":\"https:\/\/farmaciaybienestar.es\/blog\/\",\"logo\":{\"@type\":\"ImageObject\",\"inLanguage\":\"es\",\"@id\":\"https:\/\/farmaciaybienestar.es\/blog\/#\/schema\/logo\/image\/\",\"url\":\"https:\/\/farmaciaybienestar.es\/blog\/wp-content\/uploads\/2024\/11\/logo-farmacia-y-bienestar.jpg\",\"contentUrl\":\"https:\/\/farmaciaybienestar.es\/blog\/wp-content\/uploads\/2024\/11\/logo-farmacia-y-bienestar.jpg\",\"width\":400,\"height\":40,\"caption\":\"Blog Farmacia y Bienestar\"},\"image\":{\"@id\":\"https:\/\/farmaciaybienestar.es\/blog\/#\/schema\/logo\/image\/\"},\"sameAs\":[\"https:\/\/www.facebook.com\/pages\/Farmacia-y-Bienestar\/228259130602801\",\"https:\/\/www.instagram.com\/farmaciaybienestar\/\"]},{\"@type\":\"Person\",\"@id\":\"https:\/\/farmaciaybienestar.es\/blog\/#\/schema\/person\/be9157b97fe03db75434358dbf012657\",\"name\":\"Farmacia\",\"image\":{\"@type\":\"ImageObject\",\"inLanguage\":\"es\",\"@id\":\"https:\/\/farmaciaybienestar.es\/blog\/#\/schema\/person\/image\/\",\"url\":\"https:\/\/secure.gravatar.com\/avatar\/d5fdc16058857fcf13343c05a3331f74?s=96&d=mm&r=g\",\"contentUrl\":\"https:\/\/secure.gravatar.com\/avatar\/d5fdc16058857fcf13343c05a3331f74?s=96&d=mm&r=g\",\"caption\":\"Farmacia\"},\"url\":\"https:\/\/farmaciaybienestar.es\/blog\/author\/farmacia\/\"}]}<\/script>\n<!-- \/ Yoast SEO plugin. -->","yoast_head_json":{"title":"Regalos para el d\u00eda de la madre - Blog Farmacia y Bienestar","description":"%","robots":{"index":"index","follow":"follow","max-snippet":"max-snippet:-1","max-image-preview":"max-image-preview:large","max-video-preview":"max-video-preview:-1"},"canonical":"https:\/\/farmaciaybienestar.es\/blog\/2019\/04\/23\/dia-de-la-madre\/","og_locale":"es_ES","og_type":"article","og_title":"Regalos para el d\u00eda de la madre - Blog Farmacia y Bienestar","og_description":"%","og_url":"https:\/\/farmaciaybienestar.es\/blog\/2019\/04\/23\/dia-de-la-madre\/","og_site_name":"Blog Farmacia y Bienestar","article_publisher":"https:\/\/www.facebook.com\/pages\/Farmacia-y-Bienestar\/228259130602801","article_published_time":"2019-04-23T09:08:29+00:00","article_modified_time":"2024-11-13T17:44:02+00:00","og_image":[{"width":980,"height":654,"url":"https:\/\/farmaciaybienestar.es\/blog\/wp-content\/uploads\/2019\/04\/1494591918_297244_1494833551_noticia_normal.jpg","type":"image\/jpeg"}],"author":"Farmacia","twitter_card":"summary_large_image","twitter_misc":{"Escrito por":"Farmacia","Tiempo de lectura":"1 minuto"},"schema":{"@context":"https:\/\/schema.org","@graph":[{"@type":["Article","BlogPosting"],"@id":"https:\/\/farmaciaybienestar.es\/blog\/2019\/04\/23\/dia-de-la-madre\/#article","isPartOf":{"@id":"https:\/\/farmaciaybienestar.es\/blog\/2019\/04\/23\/dia-de-la-madre\/"},"author":{"name":"Farmacia","@id":"https:\/\/farmaciaybienestar.es\/blog\/#\/schema\/person\/be9157b97fe03db75434358dbf012657"},"headline":"Regalos para el d\u00eda de la madre","datePublished":"2019-04-23T09:08:29+00:00","dateModified":"2024-11-13T17:44:02+00:00","mainEntityOfPage":{"@id":"https:\/\/farmaciaybienestar.es\/blog\/2019\/04\/23\/dia-de-la-madre\/"},"wordCount":265,"publisher":{"@id":"https:\/\/farmaciaybienestar.es\/blog\/#organization"},"image":{"@id":"https:\/\/farmaciaybienestar.es\/blog\/2019\/04\/23\/dia-de-la-madre\/#primaryimage"},"thumbnailUrl":"https:\/\/farmaciaybienestar.es\/blog\/wp-content\/uploads\/2019\/04\/1494591918_297244_1494833551_noticia_normal.jpg","keywords":["5 de mayo","com preparar la piel","corporal","dermocosmetica","dia de la madre","facial","farma dorsch","Farmacia y Bienestar","preparar la piel","regalos","salud"],"inLanguage":"es"},{"@type":["WebPage","ItemPage"],"@id":"https:\/\/farmaciaybienestar.es\/blog\/2019\/04\/23\/dia-de-la-madre\/","url":"https:\/\/farmaciaybienestar.es\/blog\/2019\/04\/23\/dia-de-la-madre\/","name":"Regalos para el d\u00eda de la madre - Blog Farmacia y Bienestar","isPartOf":{"@id":"https:\/\/farmaciaybienestar.es\/blog\/#website"},"primaryImageOfPage":{"@id":"https:\/\/farmaciaybienestar.es\/blog\/2019\/04\/23\/dia-de-la-madre\/#primaryimage"},"image":{"@id":"https:\/\/farmaciaybienestar.es\/blog\/2019\/04\/23\/dia-de-la-madre\/#primaryimage"},"thumbnailUrl":"https:\/\/farmaciaybienestar.es\/blog\/wp-content\/uploads\/2019\/04\/1494591918_297244_1494833551_noticia_normal.jpg","datePublished":"2019-04-23T09:08:29+00:00","dateModified":"2024-11-13T17:44:02+00:00","description":"%","breadcrumb":{"@id":"https:\/\/farmaciaybienestar.es\/blog\/2019\/04\/23\/dia-de-la-madre\/#breadcrumb"},"inLanguage":"es","potentialAction":[{"@type":"ReadAction","target":["https:\/\/farmaciaybienestar.es\/blog\/2019\/04\/23\/dia-de-la-madre\/"]}]},{"@type":"ImageObject","inLanguage":"es","@id":"https:\/\/farmaciaybienestar.es\/blog\/2019\/04\/23\/dia-de-la-madre\/#primaryimage","url":"https:\/\/farmaciaybienestar.es\/blog\/wp-content\/uploads\/2019\/04\/1494591918_297244_1494833551_noticia_normal.jpg","contentUrl":"https:\/\/farmaciaybienestar.es\/blog\/wp-content\/uploads\/2019\/04\/1494591918_297244_1494833551_noticia_normal.jpg","width":980,"height":654},{"@type":"BreadcrumbList","@id":"https:\/\/farmaciaybienestar.es\/blog\/2019\/04\/23\/dia-de-la-madre\/#breadcrumb","itemListElement":[{"@type":"ListItem","position":1,"name":"Portada","item":"https:\/\/farmaciaybienestar.es\/blog\/"},{"@type":"ListItem","position":2,"name":"Sin categor\u00eda","item":"https:\/\/farmaciaybienestar.es\/blog\/category\/sin-categoria\/"},{"@type":"ListItem","position":3,"name":"Regalos para el d\u00eda de la madre"}]},{"@type":"WebSite","@id":"https:\/\/farmaciaybienestar.es\/blog\/#website","url":"https:\/\/farmaciaybienestar.es\/blog\/","name":"Blog Farmacia y Bienestar","description":"Contamos con una amplia experiencia en materia sanitaria para ofrecerte los mejores consejos y resultados que tengan que ver con tu salud, tu higiene personal y tu bienestar.","publisher":{"@id":"https:\/\/farmaciaybienestar.es\/blog\/#organization"},"potentialAction":[{"@type":"SearchAction","target":{"@type":"EntryPoint","urlTemplate":"https:\/\/farmaciaybienestar.es\/blog\/?s={search_term_string}"},"query-input":{"@type":"PropertyValueSpecification","valueRequired":true,"valueName":"search_term_string"}}],"inLanguage":"es"},{"@type":"Organization","@id":"https:\/\/farmaciaybienestar.es\/blog\/#organization","name":"Blog Farmacia y Bienestar","url":"https:\/\/farmaciaybienestar.es\/blog\/","logo":{"@type":"ImageObject","inLanguage":"es","@id":"https:\/\/farmaciaybienestar.es\/blog\/#\/schema\/logo\/image\/","url":"https:\/\/farmaciaybienestar.es\/blog\/wp-content\/uploads\/2024\/11\/logo-farmacia-y-bienestar.jpg","contentUrl":"https:\/\/farmaciaybienestar.es\/blog\/wp-content\/uploads\/2024\/11\/logo-farmacia-y-bienestar.jpg","width":400,"height":40,"caption":"Blog Farmacia y Bienestar"},"image":{"@id":"https:\/\/farmaciaybienestar.es\/blog\/#\/schema\/logo\/image\/"},"sameAs":["https:\/\/www.facebook.com\/pages\/Farmacia-y-Bienestar\/228259130602801","https:\/\/www.instagram.com\/farmaciaybienestar\/"]},{"@type":"Person","@id":"https:\/\/farmaciaybienestar.es\/blog\/#\/schema\/person\/be9157b97fe03db75434358dbf012657","name":"Farmacia","image":{"@type":"ImageObject","inLanguage":"es","@id":"https:\/\/farmaciaybienestar.es\/blog\/#\/schema\/person\/image\/","url":"https:\/\/secure.gravatar.com\/avatar\/d5fdc16058857fcf13343c05a3331f74?s=96&d=mm&r=g","contentUrl":"https:\/\/secure.gravatar.com\/avatar\/d5fdc16058857fcf13343c05a3331f74?s=96&d=mm&r=g","caption":"Farmacia"},"url":"https:\/\/farmaciaybienestar.es\/blog\/author\/farmacia\/"}]}},"_links":{"self":[{"href":"https:\/\/farmaciaybienestar.es\/blog\/wp-json\/wp\/v2\/posts\/319","targetHints":{"allow":["GET"]}}],"collection":[{"href":"https:\/\/farmaciaybienestar.es\/blog\/wp-json\/wp\/v2\/posts"}],"about":[{"href":"https:\/\/farmaciaybienestar.es\/blog\/wp-json\/wp\/v2\/types\/post"}],"author":[{"embeddable":true,"href":"https:\/\/farmaciaybienestar.es\/blog\/wp-json\/wp\/v2\/users\/1"}],"replies":[{"embeddable":true,"href":"https:\/\/farmaciaybienestar.es\/blog\/wp-json\/wp\/v2\/comments?post=319"}],"version-history":[{"count":3,"href":"https:\/\/farmaciaybienestar.es\/blog\/wp-json\/wp\/v2\/posts\/319\/revisions"}],"predecessor-version":[{"id":419,"href":"https:\/\/farmaciaybienestar.es\/blog\/wp-json\/wp\/v2\/posts\/319\/revisions\/419"}],"wp:featuredmedia":[{"embeddable":true,"href":"https:\/\/farmaciaybienestar.es\/blog\/wp-json\/wp\/v2\/media\/320"}],"wp:attachment":[{"href":"https:\/\/farmaciaybienestar.es\/blog\/wp-json\/wp\/v2\/media?parent=319"}],"wp:term":[{"taxonomy":"category","embeddable":true,"href":"https:\/\/farmaciaybienestar.es\/blog\/wp-json\/wp\/v2\/categories?post=319"},{"taxonomy":"post_tag","embeddable":true,"href":"https:\/\/farmaciaybienestar.es\/blog\/wp-json\/wp\/v2\/tags?post=319"}],"curies":[{"name":"wp","href":"https:\/\/api.w.org\/{rel}","templated":true}]}}