{"id":303,"date":"2019-03-26T08:47:26","date_gmt":"2019-03-26T08:47:26","guid":{"rendered":"http:\/\/farmaciaybienestar.es\/blog\/?p=303"},"modified":"2024-11-13T17:44:02","modified_gmt":"2024-11-13T17:44:02","slug":"como-afrontar-la-alergia-primaveral","status":"publish","type":"post","link":"https:\/\/farmaciaybienestar.es\/blog\/2019\/03\/26\/como-afrontar-la-alergia-primaveral\/","title":{"rendered":"C\u00f3mo afrontar la alergia primaveral"},"content":{"rendered":"<p>&nbsp;<\/p>\n<p>La llegada del buen tiempo y el aumento de las horas de luz hace que nos sintamos mucho mejor en esta \u00e9poca del a\u00f1o. Existe una excepci\u00f3n, los al\u00e9rgicos quienes tendr\u00e1n que enfrentarse a los molestos e inc\u00f3modos s\u00edntomas de la <strong>alergia primaveral<\/strong>. Su calidad de vida durante esos meses se ver\u00e1 afectada. Pero \u00bfpor qu\u00e9 se produce la alergia? La reacci\u00f3n al\u00e9rgica se da como una respuesta exagerada a nuestro sistema inmunitario frente a determinados cuerpos extra\u00f1os o al\u00e9rgenos. En esta \u00e9poca del a\u00f1o, la alergia m\u00e1s com\u00fan es al polen.<\/p>\n<p>Debido al invierno tan suave que hemos tenido, muchos al\u00e9rgicos ya se han tenido que enfrentar a los s\u00edntomas de la alergia. Lo ideal para los al\u00e9rgicos ser\u00eda una primavera lluviosa para que elimine el polen del ambiente. Por el contrario, los d\u00edas soleados y ventosos son los peores ya que aumenta el nivel del polen en el ambiente dando lugar a los <strong>cl\u00e1sicos s\u00edntomas de la alergia<\/strong>: estornudos, congesti\u00f3n nasal, conjuntivitis, enrojecimiento o picor de ojos, picor de nariz, garganta o paladar, dificultad para respirar, picor de piel\u2026 Habr\u00e1 que esperar a ver c\u00f3mo se presenta el tiempo primaveral para ver si va a ser una primavera suave o fuerte para los al\u00e9rgicos.<\/p>\n<p>En <strong><a href=\"https:\/\/farmaciaybienestar.es\/\">Farmacia y Bienestar<\/a><\/strong> sabemos las molestias que pueden causar los s\u00edntomas de la alergia en tu d\u00eda a d\u00eda. Por eso, te vamos a dar una serie de recomendaciones que te ayuden a afrontar de la mejor manera la alergia primaveral.<\/p>\n<h2><strong>Pautas para prevenir y tratar los s\u00edntomas<\/strong><\/h2>\n<p>&#8211; No ventiles la casa por la ma\u00f1ana ni por la tarde-noche. La mejor hora es a mediod\u00eda.<\/p>\n<p>&#8211;\u00a0No hagas deporte al aire libre, sobre todo los d\u00edas donde la concentraci\u00f3n de polen es mayor y\/o cuando haga viento. Lo mejor es que hagas deporte en sitios cerrados como, por ejemplo, en el gimnasio.<\/p>\n<p>&#8211;\u00a0Mascarillas y gafas de sol, tus grandes aliados. Actuar\u00e1n como barrera protectora frente al polen.<\/p>\n<p>&#8211;\u00a0Conduce con las ventanillas cerradas. Asimismo, comprueba que el filtro del aire acondicionado est\u00e1 limpio, que no tiene polen.<\/p>\n<p>&#8211;\u00a0Evita tender la ropa fuera. El polen se depositar\u00e1 sobre la ropa lo que te provocar\u00e1 una reacci\u00f3n al\u00e9rgica.<\/p>\n<p>Cuando aparecen los s\u00edntomas, lo mejor es acudir al m\u00e9dico o a tu farmac\u00e9utico de confianza. Te mandar\u00e1n alg\u00fan antihistam\u00ednico para combatir los s\u00edntomas. Asimismo, en la farmacia podr\u00e1s encontrar una serie de productos que pueden ayudarte a eliminar la congesti\u00f3n nasal o el picor de ojos. Para la congesti\u00f3n nasal suele funcionar muy bien las <strong>soluciones salinas<\/strong> en spray. Limpiar\u00e1n la nariz eliminando las part\u00edculas de polen que hayan podido entrar. En el caso de la irritaci\u00f3n o picor de ojos, <strong>los colirios o los lagrimales artificiales<\/strong> ser\u00e1n de gran ayuda. Notar\u00e1s un alivio al instante.<\/p>\n","protected":false},"excerpt":{"rendered":"<p>&nbsp; La llegada del buen tiempo y el aumento de las horas de luz hace que nos sintamos mucho mejor en esta \u00e9poca del a\u00f1o. Existe una excepci\u00f3n, los al\u00e9rgicos quienes tendr\u00e1n que enfrentarse a los molestos e inc\u00f3modos s\u00edntomas de la alergia primaveral. Su calidad de vida durante esos meses se ver\u00e1 afectada. Pero &hellip; <a href=\"https:\/\/farmaciaybienestar.es\/blog\/2019\/03\/26\/como-afrontar-la-alergia-primaveral\/\" class=\"more-link\">Sigue leyendo <span class=\"screen-reader-text\">C\u00f3mo afrontar la alergia primaveral<\/span><\/a><\/p>\n","protected":false},"author":1,"featured_media":304,"comment_status":"closed","ping_status":"open","sticky":false,"template":"","format":"standard","meta":{"footnotes":""},"categories":[39],"tags":[167,168,165,169,166],"class_list":["post-303","post","type-post","status-publish","format-standard","has-post-thumbnail","hentry","category-salud","tag-alergia","tag-alergia-primaveral","tag-lagrimales-artificiales","tag-sintomas-alergia","tag-soluciones-salinas"],"yoast_head":"<!-- This site is optimized with the Yoast SEO plugin v23.8 - https:\/\/yoast.com\/wordpress\/plugins\/seo\/ -->\n<title>C\u00f3mo afrontar la alergia primaveral - Blog Farmacia y Bienestar<\/title>\n<meta name=\"description\" content=\"%\" \/>\n<meta name=\"robots\" content=\"index, follow, max-snippet:-1, max-image-preview:large, max-video-preview:-1\" \/>\n<link rel=\"canonical\" href=\"https:\/\/farmaciaybienestar.es\/blog\/2019\/03\/26\/como-afrontar-la-alergia-primaveral\/\" \/>\n<meta property=\"og:locale\" content=\"es_ES\" \/>\n<meta property=\"og:type\" content=\"article\" \/>\n<meta property=\"og:title\" content=\"C\u00f3mo afrontar la alergia primaveral - Blog Farmacia y Bienestar\" \/>\n<meta property=\"og:description\" content=\"%\" \/>\n<meta property=\"og:url\" content=\"https:\/\/farmaciaybienestar.es\/blog\/2019\/03\/26\/como-afrontar-la-alergia-primaveral\/\" \/>\n<meta property=\"og:site_name\" content=\"Blog Farmacia y Bienestar\" \/>\n<meta property=\"article:publisher\" content=\"https:\/\/www.facebook.com\/pages\/Farmacia-y-Bienestar\/228259130602801\" \/>\n<meta property=\"article:published_time\" content=\"2019-03-26T08:47:26+00:00\" \/>\n<meta property=\"article:modified_time\" content=\"2024-11-13T17:44:02+00:00\" \/>\n<meta property=\"og:image\" content=\"https:\/\/farmaciaybienestar.es\/blog\/wp-content\/uploads\/2019\/03\/farmaciaybienestar-alergia-primaveral.jpg\" \/>\n\t<meta property=\"og:image:width\" content=\"1920\" \/>\n\t<meta property=\"og:image:height\" content=\"1279\" \/>\n\t<meta property=\"og:image:type\" content=\"image\/jpeg\" \/>\n<meta name=\"author\" content=\"Farmacia\" \/>\n<meta name=\"twitter:card\" content=\"summary_large_image\" \/>\n<meta name=\"twitter:label1\" content=\"Escrito por\" \/>\n\t<meta name=\"twitter:data1\" content=\"Farmacia\" \/>\n\t<meta name=\"twitter:label2\" content=\"Tiempo de lectura\" \/>\n\t<meta name=\"twitter:data2\" content=\"3 minutos\" \/>\n<script type=\"application\/ld+json\" class=\"yoast-schema-graph\">{\"@context\":\"https:\/\/schema.org\",\"@graph\":[{\"@type\":[\"Article\",\"BlogPosting\"],\"@id\":\"https:\/\/farmaciaybienestar.es\/blog\/2019\/03\/26\/como-afrontar-la-alergia-primaveral\/#article\",\"isPartOf\":{\"@id\":\"https:\/\/farmaciaybienestar.es\/blog\/2019\/03\/26\/como-afrontar-la-alergia-primaveral\/\"},\"author\":{\"name\":\"Farmacia\",\"@id\":\"https:\/\/farmaciaybienestar.es\/blog\/#\/schema\/person\/be9157b97fe03db75434358dbf012657\"},\"headline\":\"C\u00f3mo afrontar la alergia primaveral\",\"datePublished\":\"2019-03-26T08:47:26+00:00\",\"dateModified\":\"2024-11-13T17:44:02+00:00\",\"mainEntityOfPage\":{\"@id\":\"https:\/\/farmaciaybienestar.es\/blog\/2019\/03\/26\/como-afrontar-la-alergia-primaveral\/\"},\"wordCount\":520,\"publisher\":{\"@id\":\"https:\/\/farmaciaybienestar.es\/blog\/#organization\"},\"image\":{\"@id\":\"https:\/\/farmaciaybienestar.es\/blog\/2019\/03\/26\/como-afrontar-la-alergia-primaveral\/#primaryimage\"},\"thumbnailUrl\":\"https:\/\/farmaciaybienestar.es\/blog\/wp-content\/uploads\/2019\/03\/farmaciaybienestar-alergia-primaveral.jpg\",\"keywords\":[\"alergia\",\"alergia primaveral\",\"lagrimales artificiales\",\"s\u00edntomas alergia\",\"soluciones salinas\"],\"articleSection\":[\"salud\"],\"inLanguage\":\"es\"},{\"@type\":[\"WebPage\",\"ItemPage\"],\"@id\":\"https:\/\/farmaciaybienestar.es\/blog\/2019\/03\/26\/como-afrontar-la-alergia-primaveral\/\",\"url\":\"https:\/\/farmaciaybienestar.es\/blog\/2019\/03\/26\/como-afrontar-la-alergia-primaveral\/\",\"name\":\"C\u00f3mo afrontar la alergia primaveral - Blog Farmacia y Bienestar\",\"isPartOf\":{\"@id\":\"https:\/\/farmaciaybienestar.es\/blog\/#website\"},\"primaryImageOfPage\":{\"@id\":\"https:\/\/farmaciaybienestar.es\/blog\/2019\/03\/26\/como-afrontar-la-alergia-primaveral\/#primaryimage\"},\"image\":{\"@id\":\"https:\/\/farmaciaybienestar.es\/blog\/2019\/03\/26\/como-afrontar-la-alergia-primaveral\/#primaryimage\"},\"thumbnailUrl\":\"https:\/\/farmaciaybienestar.es\/blog\/wp-content\/uploads\/2019\/03\/farmaciaybienestar-alergia-primaveral.jpg\",\"datePublished\":\"2019-03-26T08:47:26+00:00\",\"dateModified\":\"2024-11-13T17:44:02+00:00\",\"description\":\"%\",\"breadcrumb\":{\"@id\":\"https:\/\/farmaciaybienestar.es\/blog\/2019\/03\/26\/como-afrontar-la-alergia-primaveral\/#breadcrumb\"},\"inLanguage\":\"es\",\"potentialAction\":[{\"@type\":\"ReadAction\",\"target\":[\"https:\/\/farmaciaybienestar.es\/blog\/2019\/03\/26\/como-afrontar-la-alergia-primaveral\/\"]}]},{\"@type\":\"ImageObject\",\"inLanguage\":\"es\",\"@id\":\"https:\/\/farmaciaybienestar.es\/blog\/2019\/03\/26\/como-afrontar-la-alergia-primaveral\/#primaryimage\",\"url\":\"https:\/\/farmaciaybienestar.es\/blog\/wp-content\/uploads\/2019\/03\/farmaciaybienestar-alergia-primaveral.jpg\",\"contentUrl\":\"https:\/\/farmaciaybienestar.es\/blog\/wp-content\/uploads\/2019\/03\/farmaciaybienestar-alergia-primaveral.jpg\",\"width\":1920,\"height\":1279},{\"@type\":\"BreadcrumbList\",\"@id\":\"https:\/\/farmaciaybienestar.es\/blog\/2019\/03\/26\/como-afrontar-la-alergia-primaveral\/#breadcrumb\",\"itemListElement\":[{\"@type\":\"ListItem\",\"position\":1,\"name\":\"Portada\",\"item\":\"https:\/\/farmaciaybienestar.es\/blog\/\"},{\"@type\":\"ListItem\",\"position\":2,\"name\":\"salud\",\"item\":\"https:\/\/farmaciaybienestar.es\/blog\/category\/salud\/\"},{\"@type\":\"ListItem\",\"position\":3,\"name\":\"C\u00f3mo afrontar la alergia primaveral\"}]},{\"@type\":\"WebSite\",\"@id\":\"https:\/\/farmaciaybienestar.es\/blog\/#website\",\"url\":\"https:\/\/farmaciaybienestar.es\/blog\/\",\"name\":\"Blog Farmacia y Bienestar\",\"description\":\"Contamos con una amplia experiencia en materia sanitaria para ofrecerte los mejores consejos y resultados que tengan que ver con tu salud, tu higiene personal y tu bienestar.\",\"publisher\":{\"@id\":\"https:\/\/farmaciaybienestar.es\/blog\/#organization\"},\"potentialAction\":[{\"@type\":\"SearchAction\",\"target\":{\"@type\":\"EntryPoint\",\"urlTemplate\":\"https:\/\/farmaciaybienestar.es\/blog\/?s={search_term_string}\"},\"query-input\":{\"@type\":\"PropertyValueSpecification\",\"valueRequired\":true,\"valueName\":\"search_term_string\"}}],\"inLanguage\":\"es\"},{\"@type\":\"Organization\",\"@id\":\"https:\/\/farmaciaybienestar.es\/blog\/#organization\",\"name\":\"Blog Farmacia y Bienestar\",\"url\":\"https:\/\/farmaciaybienestar.es\/blog\/\",\"logo\":{\"@type\":\"ImageObject\",\"inLanguage\":\"es\",\"@id\":\"https:\/\/farmaciaybienestar.es\/blog\/#\/schema\/logo\/image\/\",\"url\":\"https:\/\/farmaciaybienestar.es\/blog\/wp-content\/uploads\/2024\/11\/logo-farmacia-y-bienestar.jpg\",\"contentUrl\":\"https:\/\/farmaciaybienestar.es\/blog\/wp-content\/uploads\/2024\/11\/logo-farmacia-y-bienestar.jpg\",\"width\":400,\"height\":40,\"caption\":\"Blog Farmacia y Bienestar\"},\"image\":{\"@id\":\"https:\/\/farmaciaybienestar.es\/blog\/#\/schema\/logo\/image\/\"},\"sameAs\":[\"https:\/\/www.facebook.com\/pages\/Farmacia-y-Bienestar\/228259130602801\",\"https:\/\/www.instagram.com\/farmaciaybienestar\/\"]},{\"@type\":\"Person\",\"@id\":\"https:\/\/farmaciaybienestar.es\/blog\/#\/schema\/person\/be9157b97fe03db75434358dbf012657\",\"name\":\"Farmacia\",\"image\":{\"@type\":\"ImageObject\",\"inLanguage\":\"es\",\"@id\":\"https:\/\/farmaciaybienestar.es\/blog\/#\/schema\/person\/image\/\",\"url\":\"https:\/\/secure.gravatar.com\/avatar\/d5fdc16058857fcf13343c05a3331f74?s=96&d=mm&r=g\",\"contentUrl\":\"https:\/\/secure.gravatar.com\/avatar\/d5fdc16058857fcf13343c05a3331f74?s=96&d=mm&r=g\",\"caption\":\"Farmacia\"},\"url\":\"https:\/\/farmaciaybienestar.es\/blog\/author\/farmacia\/\"}]}<\/script>\n<!-- \/ Yoast SEO plugin. -->","yoast_head_json":{"title":"C\u00f3mo afrontar la alergia primaveral - Blog Farmacia y Bienestar","description":"%","robots":{"index":"index","follow":"follow","max-snippet":"max-snippet:-1","max-image-preview":"max-image-preview:large","max-video-preview":"max-video-preview:-1"},"canonical":"https:\/\/farmaciaybienestar.es\/blog\/2019\/03\/26\/como-afrontar-la-alergia-primaveral\/","og_locale":"es_ES","og_type":"article","og_title":"C\u00f3mo afrontar la alergia primaveral - Blog Farmacia y Bienestar","og_description":"%","og_url":"https:\/\/farmaciaybienestar.es\/blog\/2019\/03\/26\/como-afrontar-la-alergia-primaveral\/","og_site_name":"Blog Farmacia y Bienestar","article_publisher":"https:\/\/www.facebook.com\/pages\/Farmacia-y-Bienestar\/228259130602801","article_published_time":"2019-03-26T08:47:26+00:00","article_modified_time":"2024-11-13T17:44:02+00:00","og_image":[{"width":1920,"height":1279,"url":"https:\/\/farmaciaybienestar.es\/blog\/wp-content\/uploads\/2019\/03\/farmaciaybienestar-alergia-primaveral.jpg","type":"image\/jpeg"}],"author":"Farmacia","twitter_card":"summary_large_image","twitter_misc":{"Escrito por":"Farmacia","Tiempo de lectura":"3 minutos"},"schema":{"@context":"https:\/\/schema.org","@graph":[{"@type":["Article","BlogPosting"],"@id":"https:\/\/farmaciaybienestar.es\/blog\/2019\/03\/26\/como-afrontar-la-alergia-primaveral\/#article","isPartOf":{"@id":"https:\/\/farmaciaybienestar.es\/blog\/2019\/03\/26\/como-afrontar-la-alergia-primaveral\/"},"author":{"name":"Farmacia","@id":"https:\/\/farmaciaybienestar.es\/blog\/#\/schema\/person\/be9157b97fe03db75434358dbf012657"},"headline":"C\u00f3mo afrontar la alergia primaveral","datePublished":"2019-03-26T08:47:26+00:00","dateModified":"2024-11-13T17:44:02+00:00","mainEntityOfPage":{"@id":"https:\/\/farmaciaybienestar.es\/blog\/2019\/03\/26\/como-afrontar-la-alergia-primaveral\/"},"wordCount":520,"publisher":{"@id":"https:\/\/farmaciaybienestar.es\/blog\/#organization"},"image":{"@id":"https:\/\/farmaciaybienestar.es\/blog\/2019\/03\/26\/como-afrontar-la-alergia-primaveral\/#primaryimage"},"thumbnailUrl":"https:\/\/farmaciaybienestar.es\/blog\/wp-content\/uploads\/2019\/03\/farmaciaybienestar-alergia-primaveral.jpg","keywords":["alergia","alergia primaveral","lagrimales artificiales","s\u00edntomas alergia","soluciones salinas"],"articleSection":["salud"],"inLanguage":"es"},{"@type":["WebPage","ItemPage"],"@id":"https:\/\/farmaciaybienestar.es\/blog\/2019\/03\/26\/como-afrontar-la-alergia-primaveral\/","url":"https:\/\/farmaciaybienestar.es\/blog\/2019\/03\/26\/como-afrontar-la-alergia-primaveral\/","name":"C\u00f3mo afrontar la alergia primaveral - Blog Farmacia y Bienestar","isPartOf":{"@id":"https:\/\/farmaciaybienestar.es\/blog\/#website"},"primaryImageOfPage":{"@id":"https:\/\/farmaciaybienestar.es\/blog\/2019\/03\/26\/como-afrontar-la-alergia-primaveral\/#primaryimage"},"image":{"@id":"https:\/\/farmaciaybienestar.es\/blog\/2019\/03\/26\/como-afrontar-la-alergia-primaveral\/#primaryimage"},"thumbnailUrl":"https:\/\/farmaciaybienestar.es\/blog\/wp-content\/uploads\/2019\/03\/farmaciaybienestar-alergia-primaveral.jpg","datePublished":"2019-03-26T08:47:26+00:00","dateModified":"2024-11-13T17:44:02+00:00","description":"%","breadcrumb":{"@id":"https:\/\/farmaciaybienestar.es\/blog\/2019\/03\/26\/como-afrontar-la-alergia-primaveral\/#breadcrumb"},"inLanguage":"es","potentialAction":[{"@type":"ReadAction","target":["https:\/\/farmaciaybienestar.es\/blog\/2019\/03\/26\/como-afrontar-la-alergia-primaveral\/"]}]},{"@type":"ImageObject","inLanguage":"es","@id":"https:\/\/farmaciaybienestar.es\/blog\/2019\/03\/26\/como-afrontar-la-alergia-primaveral\/#primaryimage","url":"https:\/\/farmaciaybienestar.es\/blog\/wp-content\/uploads\/2019\/03\/farmaciaybienestar-alergia-primaveral.jpg","contentUrl":"https:\/\/farmaciaybienestar.es\/blog\/wp-content\/uploads\/2019\/03\/farmaciaybienestar-alergia-primaveral.jpg","width":1920,"height":1279},{"@type":"BreadcrumbList","@id":"https:\/\/farmaciaybienestar.es\/blog\/2019\/03\/26\/como-afrontar-la-alergia-primaveral\/#breadcrumb","itemListElement":[{"@type":"ListItem","position":1,"name":"Portada","item":"https:\/\/farmaciaybienestar.es\/blog\/"},{"@type":"ListItem","position":2,"name":"salud","item":"https:\/\/farmaciaybienestar.es\/blog\/category\/salud\/"},{"@type":"ListItem","position":3,"name":"C\u00f3mo afrontar la alergia primaveral"}]},{"@type":"WebSite","@id":"https:\/\/farmaciaybienestar.es\/blog\/#website","url":"https:\/\/farmaciaybienestar.es\/blog\/","name":"Blog Farmacia y Bienestar","description":"Contamos con una amplia experiencia en materia sanitaria para ofrecerte los mejores consejos y resultados que tengan que ver con tu salud, tu higiene personal y tu bienestar.","publisher":{"@id":"https:\/\/farmaciaybienestar.es\/blog\/#organization"},"potentialAction":[{"@type":"SearchAction","target":{"@type":"EntryPoint","urlTemplate":"https:\/\/farmaciaybienestar.es\/blog\/?s={search_term_string}"},"query-input":{"@type":"PropertyValueSpecification","valueRequired":true,"valueName":"search_term_string"}}],"inLanguage":"es"},{"@type":"Organization","@id":"https:\/\/farmaciaybienestar.es\/blog\/#organization","name":"Blog Farmacia y Bienestar","url":"https:\/\/farmaciaybienestar.es\/blog\/","logo":{"@type":"ImageObject","inLanguage":"es","@id":"https:\/\/farmaciaybienestar.es\/blog\/#\/schema\/logo\/image\/","url":"https:\/\/farmaciaybienestar.es\/blog\/wp-content\/uploads\/2024\/11\/logo-farmacia-y-bienestar.jpg","contentUrl":"https:\/\/farmaciaybienestar.es\/blog\/wp-content\/uploads\/2024\/11\/logo-farmacia-y-bienestar.jpg","width":400,"height":40,"caption":"Blog Farmacia y Bienestar"},"image":{"@id":"https:\/\/farmaciaybienestar.es\/blog\/#\/schema\/logo\/image\/"},"sameAs":["https:\/\/www.facebook.com\/pages\/Farmacia-y-Bienestar\/228259130602801","https:\/\/www.instagram.com\/farmaciaybienestar\/"]},{"@type":"Person","@id":"https:\/\/farmaciaybienestar.es\/blog\/#\/schema\/person\/be9157b97fe03db75434358dbf012657","name":"Farmacia","image":{"@type":"ImageObject","inLanguage":"es","@id":"https:\/\/farmaciaybienestar.es\/blog\/#\/schema\/person\/image\/","url":"https:\/\/secure.gravatar.com\/avatar\/d5fdc16058857fcf13343c05a3331f74?s=96&d=mm&r=g","contentUrl":"https:\/\/secure.gravatar.com\/avatar\/d5fdc16058857fcf13343c05a3331f74?s=96&d=mm&r=g","caption":"Farmacia"},"url":"https:\/\/farmaciaybienestar.es\/blog\/author\/farmacia\/"}]}},"_links":{"self":[{"href":"https:\/\/farmaciaybienestar.es\/blog\/wp-json\/wp\/v2\/posts\/303","targetHints":{"allow":["GET"]}}],"collection":[{"href":"https:\/\/farmaciaybienestar.es\/blog\/wp-json\/wp\/v2\/posts"}],"about":[{"href":"https:\/\/farmaciaybienestar.es\/blog\/wp-json\/wp\/v2\/types\/post"}],"author":[{"embeddable":true,"href":"https:\/\/farmaciaybienestar.es\/blog\/wp-json\/wp\/v2\/users\/1"}],"replies":[{"embeddable":true,"href":"https:\/\/farmaciaybienestar.es\/blog\/wp-json\/wp\/v2\/comments?post=303"}],"version-history":[{"count":1,"href":"https:\/\/farmaciaybienestar.es\/blog\/wp-json\/wp\/v2\/posts\/303\/revisions"}],"predecessor-version":[{"id":305,"href":"https:\/\/farmaciaybienestar.es\/blog\/wp-json\/wp\/v2\/posts\/303\/revisions\/305"}],"wp:featuredmedia":[{"embeddable":true,"href":"https:\/\/farmaciaybienestar.es\/blog\/wp-json\/wp\/v2\/media\/304"}],"wp:attachment":[{"href":"https:\/\/farmaciaybienestar.es\/blog\/wp-json\/wp\/v2\/media?parent=303"}],"wp:term":[{"taxonomy":"category","embeddable":true,"href":"https:\/\/farmaciaybienestar.es\/blog\/wp-json\/wp\/v2\/categories?post=303"},{"taxonomy":"post_tag","embeddable":true,"href":"https:\/\/farmaciaybienestar.es\/blog\/wp-json\/wp\/v2\/tags?post=303"}],"curies":[{"name":"wp","href":"https:\/\/api.w.org\/{rel}","templated":true}]}}